{"id":16466,"date":"2025-10-25T23:46:45","date_gmt":"2025-10-25T23:46:45","guid":{"rendered":"https:\/\/tiroconarcocostarica.com\/?p=16466"},"modified":"2025-10-25T23:48:10","modified_gmt":"2025-10-25T23:48:10","slug":"carolina-estrena-arco-ilf-precision-y-nuevos-desafios","status":"publish","type":"post","link":"https:\/\/tiroconarcocostarica.com\/index.php\/2025\/10\/25\/carolina-estrena-arco-ilf-precision-y-nuevos-desafios\/","title":{"rendered":"Carolina estrena arco ILF precisi\u00f3n y nuevos desaf\u00edos"},"content":{"rendered":"<p>Nos complace anunciar que Carolina ha incorporado a su equipo un nuevo arco ILF, s\u00edmbolo de evoluci\u00f3n y compromiso con la excelencia deportiva. <\/p>\n<p>Este paso refuerza su dedicaci\u00f3n al tiro con arco y marca el inicio de una nueva etapa llena de retos y logros por venir.<\/p>\n<p>Le deseamos el mayor de los \u00e9xitos en sus pr\u00f3ximas competencias. \ud83c\udfaf<\/p>\n","protected":false},"excerpt":{"rendered":"<p>Nos complace anunciar que Carolina ha incorporado a su equipo un nuevo [&hellip;]<\/p>\n","protected":false},"author":1,"featured_media":16467,"comment_status":"open","ping_status":"open","sticky":false,"template":"","format":"standard","meta":{"_price":"","_stock":"","_tribe_ticket_header":"","_tribe_default_ticket_provider":"","_tribe_ticket_capacity":"0","_ticket_start_date":"","_ticket_end_date":"","_tribe_ticket_show_description":"","_tribe_ticket_show_not_going":false,"_tribe_ticket_use_global_stock":"","_tribe_ticket_global_stock_level":"","_global_stock_mode":"","_global_stock_cap":"","_tribe_rsvp_for_event":"","_tribe_ticket_going_count":"","_tribe_ticket_not_going_count":"","_tribe_tickets_list":"[]","_tribe_ticket_has_attendee_info_fields":false,"_joinchat":[],"footnotes":""},"categories":[13],"tags":[],"class_list":["post-16466","post","type-post","status-publish","format-standard","has-post-thumbnail","hentry","category-noticias-internas"],"acf":[],"yoast_head":"<!-- This site is optimized with the Yoast SEO plugin v21.6 - https:\/\/yoast.com\/wordpress\/plugins\/seo\/ -->\n<title>Carolina estrena arco ILF precisi\u00f3n y nuevos desaf\u00edos - La Monta\u00f1a | Club de Arquer\u00eda<\/title>\n<meta name=\"robots\" content=\"index, follow, max-snippet:-1, max-image-preview:large, max-video-preview:-1\" \/>\n<link rel=\"canonical\" href=\"https:\/\/tiroconarcocostarica.com\/index.php\/2025\/10\/25\/carolina-estrena-arco-ilf-precision-y-nuevos-desafios\/\" \/>\n<meta property=\"og:locale\" content=\"es_ES\" \/>\n<meta property=\"og:type\" content=\"article\" \/>\n<meta property=\"og:title\" content=\"Carolina estrena arco ILF precisi\u00f3n y nuevos desaf\u00edos - La Monta\u00f1a | Club de Arquer\u00eda\" \/>\n<meta property=\"og:description\" content=\"Nos complace anunciar que Carolina ha incorporado a su equipo un nuevo [&hellip;]\" \/>\n<meta property=\"og:url\" content=\"https:\/\/tiroconarcocostarica.com\/index.php\/2025\/10\/25\/carolina-estrena-arco-ilf-precision-y-nuevos-desafios\/\" \/>\n<meta property=\"og:site_name\" content=\"La Monta\u00f1a | Club de Arquer\u00eda\" \/>\n<meta property=\"article:published_time\" content=\"2025-10-25T23:46:45+00:00\" \/>\n<meta property=\"article:modified_time\" content=\"2025-10-25T23:48:10+00:00\" \/>\n<meta property=\"og:image\" content=\"https:\/\/tiroconarcocostarica.com\/wp-content\/uploads\/2025\/10\/1446a323-d7ed-4c39-83b3-49a5efb7a6a7.jpg\" \/>\n\t<meta property=\"og:image:width\" content=\"1600\" \/>\n\t<meta property=\"og:image:height\" content=\"1200\" \/>\n\t<meta property=\"og:image:type\" content=\"image\/jpeg\" \/>\n<meta name=\"author\" content=\"admin\" \/>\n<meta name=\"twitter:card\" content=\"summary_large_image\" \/>\n<meta name=\"twitter:label1\" content=\"Escrito por\" \/>\n\t<meta name=\"twitter:data1\" content=\"admin\" \/>\n\t<meta name=\"twitter:label2\" content=\"Tiempo de lectura\" \/>\n\t<meta name=\"twitter:data2\" content=\"1 minuto\" \/>\n<script type=\"application\/ld+json\" class=\"yoast-schema-graph\">{\"@context\":\"https:\/\/schema.org\",\"@graph\":[{\"@type\":\"WebPage\",\"@id\":\"https:\/\/tiroconarcocostarica.com\/index.php\/2025\/10\/25\/carolina-estrena-arco-ilf-precision-y-nuevos-desafios\/\",\"url\":\"https:\/\/tiroconarcocostarica.com\/index.php\/2025\/10\/25\/carolina-estrena-arco-ilf-precision-y-nuevos-desafios\/\",\"name\":\"Carolina estrena arco ILF precisi\u00f3n y nuevos desaf\u00edos - La Monta\u00f1a | Club de Arquer\u00eda\",\"isPartOf\":{\"@id\":\"https:\/\/tiroconarcocostarica.com\/#website\"},\"datePublished\":\"2025-10-25T23:46:45+00:00\",\"dateModified\":\"2025-10-25T23:48:10+00:00\",\"author\":{\"@id\":\"https:\/\/tiroconarcocostarica.com\/#\/schema\/person\/12c67822d08622dbd5772bd24f078959\"},\"breadcrumb\":{\"@id\":\"https:\/\/tiroconarcocostarica.com\/index.php\/2025\/10\/25\/carolina-estrena-arco-ilf-precision-y-nuevos-desafios\/#breadcrumb\"},\"inLanguage\":\"es\",\"potentialAction\":[{\"@type\":\"ReadAction\",\"target\":[\"https:\/\/tiroconarcocostarica.com\/index.php\/2025\/10\/25\/carolina-estrena-arco-ilf-precision-y-nuevos-desafios\/\"]}]},{\"@type\":\"BreadcrumbList\",\"@id\":\"https:\/\/tiroconarcocostarica.com\/index.php\/2025\/10\/25\/carolina-estrena-arco-ilf-precision-y-nuevos-desafios\/#breadcrumb\",\"itemListElement\":[{\"@type\":\"ListItem\",\"position\":1,\"name\":\"Portada\",\"item\":\"https:\/\/tiroconarcocostarica.com\/\"},{\"@type\":\"ListItem\",\"position\":2,\"name\":\"Carolina estrena arco ILF precisi\u00f3n y nuevos desaf\u00edos\"}]},{\"@type\":\"WebSite\",\"@id\":\"https:\/\/tiroconarcocostarica.com\/#website\",\"url\":\"https:\/\/tiroconarcocostarica.com\/\",\"name\":\"La Monta\u00f1a | Club de Arquer\u00eda\",\"description\":\"Tiro Con Arco Costa Rica\",\"potentialAction\":[{\"@type\":\"SearchAction\",\"target\":{\"@type\":\"EntryPoint\",\"urlTemplate\":\"https:\/\/tiroconarcocostarica.com\/?s={search_term_string}\"},\"query-input\":\"required name=search_term_string\"}],\"inLanguage\":\"es\"},{\"@type\":\"Person\",\"@id\":\"https:\/\/tiroconarcocostarica.com\/#\/schema\/person\/12c67822d08622dbd5772bd24f078959\",\"name\":\"admin\",\"image\":{\"@type\":\"ImageObject\",\"inLanguage\":\"es\",\"@id\":\"https:\/\/tiroconarcocostarica.com\/#\/schema\/person\/image\/\",\"url\":\"https:\/\/secure.gravatar.com\/avatar\/102a3f9c4c350713d51fef2c0ca6520640a8e46efae2e52a8fd36b2173155bd1?s=96&d=mm&r=g\",\"contentUrl\":\"https:\/\/secure.gravatar.com\/avatar\/102a3f9c4c350713d51fef2c0ca6520640a8e46efae2e52a8fd36b2173155bd1?s=96&d=mm&r=g\",\"caption\":\"admin\"},\"sameAs\":[\"https:\/\/tiroconarcocostarica.com\"],\"url\":\"https:\/\/tiroconarcocostarica.com\/index.php\/author\/jasonmelort\/\"}]}<\/script>\n<!-- \/ Yoast SEO plugin. -->","yoast_head_json":{"title":"Carolina estrena arco ILF precisi\u00f3n y nuevos desaf\u00edos - La Monta\u00f1a | Club de Arquer\u00eda","robots":{"index":"index","follow":"follow","max-snippet":"max-snippet:-1","max-image-preview":"max-image-preview:large","max-video-preview":"max-video-preview:-1"},"canonical":"https:\/\/tiroconarcocostarica.com\/index.php\/2025\/10\/25\/carolina-estrena-arco-ilf-precision-y-nuevos-desafios\/","og_locale":"es_ES","og_type":"article","og_title":"Carolina estrena arco ILF precisi\u00f3n y nuevos desaf\u00edos - La Monta\u00f1a | Club de Arquer\u00eda","og_description":"Nos complace anunciar que Carolina ha incorporado a su equipo un nuevo [&hellip;]","og_url":"https:\/\/tiroconarcocostarica.com\/index.php\/2025\/10\/25\/carolina-estrena-arco-ilf-precision-y-nuevos-desafios\/","og_site_name":"La Monta\u00f1a | Club de Arquer\u00eda","article_published_time":"2025-10-25T23:46:45+00:00","article_modified_time":"2025-10-25T23:48:10+00:00","og_image":[{"width":1600,"height":1200,"url":"https:\/\/tiroconarcocostarica.com\/wp-content\/uploads\/2025\/10\/1446a323-d7ed-4c39-83b3-49a5efb7a6a7.jpg","type":"image\/jpeg"}],"author":"admin","twitter_card":"summary_large_image","twitter_misc":{"Escrito por":"admin","Tiempo de lectura":"1 minuto"},"schema":{"@context":"https:\/\/schema.org","@graph":[{"@type":"WebPage","@id":"https:\/\/tiroconarcocostarica.com\/index.php\/2025\/10\/25\/carolina-estrena-arco-ilf-precision-y-nuevos-desafios\/","url":"https:\/\/tiroconarcocostarica.com\/index.php\/2025\/10\/25\/carolina-estrena-arco-ilf-precision-y-nuevos-desafios\/","name":"Carolina estrena arco ILF precisi\u00f3n y nuevos desaf\u00edos - La Monta\u00f1a | Club de Arquer\u00eda","isPartOf":{"@id":"https:\/\/tiroconarcocostarica.com\/#website"},"datePublished":"2025-10-25T23:46:45+00:00","dateModified":"2025-10-25T23:48:10+00:00","author":{"@id":"https:\/\/tiroconarcocostarica.com\/#\/schema\/person\/12c67822d08622dbd5772bd24f078959"},"breadcrumb":{"@id":"https:\/\/tiroconarcocostarica.com\/index.php\/2025\/10\/25\/carolina-estrena-arco-ilf-precision-y-nuevos-desafios\/#breadcrumb"},"inLanguage":"es","potentialAction":[{"@type":"ReadAction","target":["https:\/\/tiroconarcocostarica.com\/index.php\/2025\/10\/25\/carolina-estrena-arco-ilf-precision-y-nuevos-desafios\/"]}]},{"@type":"BreadcrumbList","@id":"https:\/\/tiroconarcocostarica.com\/index.php\/2025\/10\/25\/carolina-estrena-arco-ilf-precision-y-nuevos-desafios\/#breadcrumb","itemListElement":[{"@type":"ListItem","position":1,"name":"Portada","item":"https:\/\/tiroconarcocostarica.com\/"},{"@type":"ListItem","position":2,"name":"Carolina estrena arco ILF precisi\u00f3n y nuevos desaf\u00edos"}]},{"@type":"WebSite","@id":"https:\/\/tiroconarcocostarica.com\/#website","url":"https:\/\/tiroconarcocostarica.com\/","name":"La Monta\u00f1a | Club de Arquer\u00eda","description":"Tiro Con Arco Costa Rica","potentialAction":[{"@type":"SearchAction","target":{"@type":"EntryPoint","urlTemplate":"https:\/\/tiroconarcocostarica.com\/?s={search_term_string}"},"query-input":"required name=search_term_string"}],"inLanguage":"es"},{"@type":"Person","@id":"https:\/\/tiroconarcocostarica.com\/#\/schema\/person\/12c67822d08622dbd5772bd24f078959","name":"admin","image":{"@type":"ImageObject","inLanguage":"es","@id":"https:\/\/tiroconarcocostarica.com\/#\/schema\/person\/image\/","url":"https:\/\/secure.gravatar.com\/avatar\/102a3f9c4c350713d51fef2c0ca6520640a8e46efae2e52a8fd36b2173155bd1?s=96&d=mm&r=g","contentUrl":"https:\/\/secure.gravatar.com\/avatar\/102a3f9c4c350713d51fef2c0ca6520640a8e46efae2e52a8fd36b2173155bd1?s=96&d=mm&r=g","caption":"admin"},"sameAs":["https:\/\/tiroconarcocostarica.com"],"url":"https:\/\/tiroconarcocostarica.com\/index.php\/author\/jasonmelort\/"}]}},"_links":{"self":[{"href":"https:\/\/tiroconarcocostarica.com\/index.php\/wp-json\/wp\/v2\/posts\/16466","targetHints":{"allow":["GET"]}}],"collection":[{"href":"https:\/\/tiroconarcocostarica.com\/index.php\/wp-json\/wp\/v2\/posts"}],"about":[{"href":"https:\/\/tiroconarcocostarica.com\/index.php\/wp-json\/wp\/v2\/types\/post"}],"author":[{"embeddable":true,"href":"https:\/\/tiroconarcocostarica.com\/index.php\/wp-json\/wp\/v2\/users\/1"}],"replies":[{"embeddable":true,"href":"https:\/\/tiroconarcocostarica.com\/index.php\/wp-json\/wp\/v2\/comments?post=16466"}],"version-history":[{"count":2,"href":"https:\/\/tiroconarcocostarica.com\/index.php\/wp-json\/wp\/v2\/posts\/16466\/revisions"}],"predecessor-version":[{"id":16469,"href":"https:\/\/tiroconarcocostarica.com\/index.php\/wp-json\/wp\/v2\/posts\/16466\/revisions\/16469"}],"wp:featuredmedia":[{"embeddable":true,"href":"https:\/\/tiroconarcocostarica.com\/index.php\/wp-json\/wp\/v2\/media\/16467"}],"wp:attachment":[{"href":"https:\/\/tiroconarcocostarica.com\/index.php\/wp-json\/wp\/v2\/media?parent=16466"}],"wp:term":[{"taxonomy":"category","embeddable":true,"href":"https:\/\/tiroconarcocostarica.com\/index.php\/wp-json\/wp\/v2\/categories?post=16466"},{"taxonomy":"post_tag","embeddable":true,"href":"https:\/\/tiroconarcocostarica.com\/index.php\/wp-json\/wp\/v2\/tags?post=16466"}],"curies":[{"name":"wp","href":"https:\/\/api.w.org\/{rel}","templated":true}]}}