{"id":16748,"date":"2026-01-25T22:58:56","date_gmt":"2026-01-25T22:58:56","guid":{"rendered":"https:\/\/tiroconarcocostarica.com\/?p=16748"},"modified":"2026-01-26T00:10:35","modified_gmt":"2026-01-26T00:10:35","slug":"juegos-nacionales-2026","status":"publish","type":"post","link":"https:\/\/tiroconarcocostarica.com\/index.php\/2026\/01\/25\/juegos-nacionales-2026\/","title":{"rendered":"Juegos Nacionales 2026"},"content":{"rendered":"<p style=\"text-align: center;\">Nuestra <strong data-start=\"245\" data-end=\"322\">delegaci\u00f3n tuvo una destacada participaci\u00f3n en los Juegos Nacionales 2026<\/strong>, logrando un <strong data-start=\"336\" data-end=\"359\">total de 8 medallas<\/strong> y dejando en alto el nombre de los <strong data-start=\"395\" data-end=\"427\">4 cantones que representamos<\/strong>, gracias al esfuerzo, disciplina y talento de nuestros atletas de <strong data-start=\"494\" data-end=\"511\">tiro con arco<\/strong>.<\/p>\n<p>&nbsp;<\/p>\n<p style=\"text-align: center;\"><strong>\u00a0Resultados por categor\u00eda y cant\u00f3n<\/strong><\/p>\n<p style=\"text-align: center;\"><strong>\ud83e\udd47\ud83e\udd48\ud83e\udd49<\/strong><\/p>\n<p>&nbsp;<\/p>\n<p style=\"text-align: center;\"><strong data-start=\"562\" data-end=\"604\">\ud83e\udd48 Medalla de Plata \u2013 Cant\u00f3n de Flores<\/strong><br data-start=\"604\" data-end=\"607\" \/><strong data-start=\"609\" data-end=\"627\">Felipe Montero<\/strong> \u2013 <em data-start=\"630\" data-end=\"646\">Arco Compuesto<\/em><br data-start=\"646\" data-end=\"649\" \/>Categor\u00eda <strong data-start=\"661\" data-end=\"678\">U18 Masculino<\/strong><\/p>\n<p style=\"text-align: center;\"><img loading=\"lazy\" decoding=\"async\" class=\"aligncenter wp-image-16750\" src=\"https:\/\/tiroconarcocostarica.com\/wp-content\/uploads\/2026\/01\/WhatsApp-Image-2026-01-24-at-8.22.32-PM2-300x219.jpeg\" alt=\"\" width=\"422\" height=\"308\" srcset=\"https:\/\/tiroconarcocostarica.com\/wp-content\/uploads\/2026\/01\/WhatsApp-Image-2026-01-24-at-8.22.32-PM2-300x219.jpeg 300w, https:\/\/tiroconarcocostarica.com\/wp-content\/uploads\/2026\/01\/WhatsApp-Image-2026-01-24-at-8.22.32-PM2-1024x746.jpeg 1024w, https:\/\/tiroconarcocostarica.com\/wp-content\/uploads\/2026\/01\/WhatsApp-Image-2026-01-24-at-8.22.32-PM2-768x560.jpeg 768w, https:\/\/tiroconarcocostarica.com\/wp-content\/uploads\/2026\/01\/WhatsApp-Image-2026-01-24-at-8.22.32-PM2-1536x1119.jpeg 1536w, https:\/\/tiroconarcocostarica.com\/wp-content\/uploads\/2026\/01\/WhatsApp-Image-2026-01-24-at-8.22.32-PM2-399x291.jpeg 399w, https:\/\/tiroconarcocostarica.com\/wp-content\/uploads\/2026\/01\/WhatsApp-Image-2026-01-24-at-8.22.32-PM2.jpeg 1600w\" sizes=\"auto, (max-width: 422px) 100vw, 422px\" \/><\/p>\n<p>&nbsp;<\/p>\n<p style=\"text-align: center;\"><strong data-start=\"682\" data-end=\"724\">\ud83e\udd49 Medalla de Bronce \u2013 Cant\u00f3n de Barva<\/strong><br data-start=\"724\" data-end=\"727\" \/><strong data-start=\"729\" data-end=\"749\">Fabi\u00e1n Matamoros<\/strong> \u2013 <em data-start=\"752\" data-end=\"768\">Arco Compuesto<\/em><br data-start=\"768\" data-end=\"771\" \/>Categor\u00eda <strong data-start=\"783\" data-end=\"800\">U21 Masculino<\/strong><\/p>\n<p style=\"text-align: center;\"><img loading=\"lazy\" decoding=\"async\" class=\"aligncenter wp-image-16751\" src=\"https:\/\/tiroconarcocostarica.com\/wp-content\/uploads\/2026\/01\/WhatsApp-Image-2026-01-24-at-8.22.32-PM3-300x200.jpeg\" alt=\"\" width=\"457\" height=\"304\" srcset=\"https:\/\/tiroconarcocostarica.com\/wp-content\/uploads\/2026\/01\/WhatsApp-Image-2026-01-24-at-8.22.32-PM3-300x200.jpeg 300w, https:\/\/tiroconarcocostarica.com\/wp-content\/uploads\/2026\/01\/WhatsApp-Image-2026-01-24-at-8.22.32-PM3-1024x681.jpeg 1024w, https:\/\/tiroconarcocostarica.com\/wp-content\/uploads\/2026\/01\/WhatsApp-Image-2026-01-24-at-8.22.32-PM3-768x511.jpeg 768w, https:\/\/tiroconarcocostarica.com\/wp-content\/uploads\/2026\/01\/WhatsApp-Image-2026-01-24-at-8.22.32-PM3-1536x1021.jpeg 1536w, https:\/\/tiroconarcocostarica.com\/wp-content\/uploads\/2026\/01\/WhatsApp-Image-2026-01-24-at-8.22.32-PM3-399x265.jpeg 399w, https:\/\/tiroconarcocostarica.com\/wp-content\/uploads\/2026\/01\/WhatsApp-Image-2026-01-24-at-8.22.32-PM3.jpeg 1600w\" sizes=\"auto, (max-width: 457px) 100vw, 457px\" \/><\/p>\n<p>&nbsp;<\/p>\n<p style=\"text-align: center;\"><strong data-start=\"804\" data-end=\"852\">\ud83e\udd49 Medalla de Bronce \u2013 San Isidro de Heredia<\/strong><br data-start=\"852\" data-end=\"855\" \/><strong data-start=\"857\" data-end=\"872\">Abril Araya<\/strong> \u2013 <em data-start=\"875\" data-end=\"891\">Arco Compuesto<\/em><br data-start=\"891\" data-end=\"894\" \/>Categor\u00eda <strong data-start=\"906\" data-end=\"922\">U21 Femenino<\/strong><\/p>\n<p style=\"text-align: center;\"><img loading=\"lazy\" decoding=\"async\" class=\"aligncenter wp-image-16752\" src=\"https:\/\/tiroconarcocostarica.com\/wp-content\/uploads\/2026\/01\/WhatsApp-Image-2026-01-24-at-8.22.32-PM4-300x200.jpeg\" alt=\"\" width=\"484\" height=\"322\" srcset=\"https:\/\/tiroconarcocostarica.com\/wp-content\/uploads\/2026\/01\/WhatsApp-Image-2026-01-24-at-8.22.32-PM4-300x200.jpeg 300w, https:\/\/tiroconarcocostarica.com\/wp-content\/uploads\/2026\/01\/WhatsApp-Image-2026-01-24-at-8.22.32-PM4-1024x681.jpeg 1024w, https:\/\/tiroconarcocostarica.com\/wp-content\/uploads\/2026\/01\/WhatsApp-Image-2026-01-24-at-8.22.32-PM4-768x511.jpeg 768w, https:\/\/tiroconarcocostarica.com\/wp-content\/uploads\/2026\/01\/WhatsApp-Image-2026-01-24-at-8.22.32-PM4-1536x1021.jpeg 1536w, https:\/\/tiroconarcocostarica.com\/wp-content\/uploads\/2026\/01\/WhatsApp-Image-2026-01-24-at-8.22.32-PM4-399x265.jpeg 399w, https:\/\/tiroconarcocostarica.com\/wp-content\/uploads\/2026\/01\/WhatsApp-Image-2026-01-24-at-8.22.32-PM4.jpeg 1600w\" sizes=\"auto, (max-width: 484px) 100vw, 484px\" \/><\/p>\n<p>&nbsp;<\/p>\n<p style=\"text-align: center;\"><strong data-start=\"1156\" data-end=\"1206\">\ud83e\udd47 Tricampe\u00f3n Nacional \u2013 San Rafael de Heredia<\/strong><br data-start=\"1206\" data-end=\"1209\" \/><strong data-start=\"1211\" data-end=\"1229\">Carlos C\u00f3rdoba<\/strong> \u2013 <em data-start=\"1232\" data-end=\"1246\">Arco Recurvo<\/em><br data-start=\"1246\" data-end=\"1249\" \/>Categor\u00eda <strong data-start=\"1261\" data-end=\"1278\">U15 Masculino<\/strong><\/p>\n<p>&nbsp;<\/p>\n<p style=\"text-align: center;\"><strong data-start=\"1282\" data-end=\"1323\">\ud83e\udd48 Medalla de Plata \u2013 Cant\u00f3n de Barva<\/strong><br data-start=\"1323\" data-end=\"1326\" \/><strong data-start=\"1328\" data-end=\"1347\">Gabriel Hidalgo<\/strong> \u2013 <em data-start=\"1350\" data-end=\"1364\">Arco Recurvo<\/em><br data-start=\"1364\" data-end=\"1367\" \/>Categor\u00eda <strong data-start=\"1379\" data-end=\"1396\">U15 Masculino<\/strong><\/p>\n<p style=\"text-align: center;\"><img loading=\"lazy\" decoding=\"async\" class=\"aligncenter wp-image-16753\" src=\"https:\/\/tiroconarcocostarica.com\/wp-content\/uploads\/2026\/01\/WhatsApp-Image-2026-01-24-at-8.22.32-PM5-300x200.jpeg\" alt=\"\" width=\"515\" height=\"343\" srcset=\"https:\/\/tiroconarcocostarica.com\/wp-content\/uploads\/2026\/01\/WhatsApp-Image-2026-01-24-at-8.22.32-PM5-300x200.jpeg 300w, https:\/\/tiroconarcocostarica.com\/wp-content\/uploads\/2026\/01\/WhatsApp-Image-2026-01-24-at-8.22.32-PM5-1024x681.jpeg 1024w, https:\/\/tiroconarcocostarica.com\/wp-content\/uploads\/2026\/01\/WhatsApp-Image-2026-01-24-at-8.22.32-PM5-768x511.jpeg 768w, https:\/\/tiroconarcocostarica.com\/wp-content\/uploads\/2026\/01\/WhatsApp-Image-2026-01-24-at-8.22.32-PM5-1536x1021.jpeg 1536w, https:\/\/tiroconarcocostarica.com\/wp-content\/uploads\/2026\/01\/WhatsApp-Image-2026-01-24-at-8.22.32-PM5-399x265.jpeg 399w, https:\/\/tiroconarcocostarica.com\/wp-content\/uploads\/2026\/01\/WhatsApp-Image-2026-01-24-at-8.22.32-PM5.jpeg 1600w\" sizes=\"auto, (max-width: 515px) 100vw, 515px\" \/><\/p>\n<p>&nbsp;<\/p>\n<p>&nbsp;<\/p>\n<p style=\"text-align: center;\"><strong data-start=\"1400\" data-end=\"1448\">\ud83c\udfc5 Medalla de Bronce \u2013 Cant\u00f3n de Barva<\/strong><br data-start=\"1448\" data-end=\"1451\" \/><strong data-start=\"1453\" data-end=\"1472\">Melany Alvarado<\/strong> \u2013 <em data-start=\"1475\" data-end=\"1489\">Arco Recurvo<\/em><br data-start=\"1489\" data-end=\"1492\" \/>Categor\u00eda <strong data-start=\"1504\" data-end=\"1520\">U15 Femenino<\/strong><\/p>\n<p style=\"text-align: center;\"><img loading=\"lazy\" decoding=\"async\" class=\"aligncenter wp-image-16754\" src=\"https:\/\/tiroconarcocostarica.com\/wp-content\/uploads\/2026\/01\/WhatsApp-Image-2026-01-24-at-8.22.32-PM6-300x200.jpeg\" alt=\"\" width=\"502\" height=\"334\" srcset=\"https:\/\/tiroconarcocostarica.com\/wp-content\/uploads\/2026\/01\/WhatsApp-Image-2026-01-24-at-8.22.32-PM6-300x200.jpeg 300w, https:\/\/tiroconarcocostarica.com\/wp-content\/uploads\/2026\/01\/WhatsApp-Image-2026-01-24-at-8.22.32-PM6-1024x681.jpeg 1024w, https:\/\/tiroconarcocostarica.com\/wp-content\/uploads\/2026\/01\/WhatsApp-Image-2026-01-24-at-8.22.32-PM6-768x511.jpeg 768w, https:\/\/tiroconarcocostarica.com\/wp-content\/uploads\/2026\/01\/WhatsApp-Image-2026-01-24-at-8.22.32-PM6-1536x1021.jpeg 1536w, https:\/\/tiroconarcocostarica.com\/wp-content\/uploads\/2026\/01\/WhatsApp-Image-2026-01-24-at-8.22.32-PM6-399x265.jpeg 399w, https:\/\/tiroconarcocostarica.com\/wp-content\/uploads\/2026\/01\/WhatsApp-Image-2026-01-24-at-8.22.32-PM6.jpeg 1600w\" sizes=\"auto, (max-width: 502px) 100vw, 502px\" \/><\/p>\n<p>&nbsp;<\/p>\n<p>&nbsp;<\/p>\n<p style=\"text-align: center;\"><strong data-start=\"926\" data-end=\"966\">\ud83e\udd47 Medalla de Oro \u2013 Cant\u00f3n de Flores<\/strong><br data-start=\"966\" data-end=\"969\" \/><strong data-start=\"971\" data-end=\"988\">Ximena Segura<\/strong> \u2013 <em data-start=\"991\" data-end=\"1005\">Arco Recurvo<\/em><br data-start=\"1005\" data-end=\"1008\" \/>Categor\u00eda <strong data-start=\"1020\" data-end=\"1036\">U18 Femenino<\/strong><br \/>\n<img loading=\"lazy\" decoding=\"async\" class=\"aligncenter wp-image-16755\" src=\"https:\/\/tiroconarcocostarica.com\/wp-content\/uploads\/2026\/01\/WhatsApp-Image-2026-01-24-at-8.22.33-PM7-300x200.jpeg\" alt=\"\" width=\"522\" height=\"348\" srcset=\"https:\/\/tiroconarcocostarica.com\/wp-content\/uploads\/2026\/01\/WhatsApp-Image-2026-01-24-at-8.22.33-PM7-300x200.jpeg 300w, https:\/\/tiroconarcocostarica.com\/wp-content\/uploads\/2026\/01\/WhatsApp-Image-2026-01-24-at-8.22.33-PM7-1024x681.jpeg 1024w, https:\/\/tiroconarcocostarica.com\/wp-content\/uploads\/2026\/01\/WhatsApp-Image-2026-01-24-at-8.22.33-PM7-768x511.jpeg 768w, https:\/\/tiroconarcocostarica.com\/wp-content\/uploads\/2026\/01\/WhatsApp-Image-2026-01-24-at-8.22.33-PM7-1536x1021.jpeg 1536w, https:\/\/tiroconarcocostarica.com\/wp-content\/uploads\/2026\/01\/WhatsApp-Image-2026-01-24-at-8.22.33-PM7-399x265.jpeg 399w, https:\/\/tiroconarcocostarica.com\/wp-content\/uploads\/2026\/01\/WhatsApp-Image-2026-01-24-at-8.22.33-PM7.jpeg 1600w\" sizes=\"auto, (max-width: 522px) 100vw, 522px\" \/><\/p>\n<p>&nbsp;<\/p>\n<p style=\"text-align: center;\"><strong data-start=\"1040\" data-end=\"1082\">\ud83e\udd49 Medalla de Bronce \u2013 Cant\u00f3n de Barva<\/strong><br data-start=\"1082\" data-end=\"1085\" \/><strong data-start=\"1087\" data-end=\"1104\">Dilana Vargas<\/strong> \u2013 <em data-start=\"1107\" data-end=\"1121\">Arco Recurvo<\/em><br data-start=\"1121\" data-end=\"1124\" \/>Categor\u00eda <strong data-start=\"1136\" data-end=\"1152\">U21 Femenino<\/strong><br \/>\n<img loading=\"lazy\" decoding=\"async\" class=\" wp-image-16756 aligncenter\" src=\"https:\/\/tiroconarcocostarica.com\/wp-content\/uploads\/2026\/01\/WhatsApp-Image-2026-01-24-at-8.22.33-PM8-300x200.jpeg\" alt=\"\" width=\"511\" height=\"341\" srcset=\"https:\/\/tiroconarcocostarica.com\/wp-content\/uploads\/2026\/01\/WhatsApp-Image-2026-01-24-at-8.22.33-PM8-300x200.jpeg 300w, https:\/\/tiroconarcocostarica.com\/wp-content\/uploads\/2026\/01\/WhatsApp-Image-2026-01-24-at-8.22.33-PM8-1024x681.jpeg 1024w, https:\/\/tiroconarcocostarica.com\/wp-content\/uploads\/2026\/01\/WhatsApp-Image-2026-01-24-at-8.22.33-PM8-768x511.jpeg 768w, https:\/\/tiroconarcocostarica.com\/wp-content\/uploads\/2026\/01\/WhatsApp-Image-2026-01-24-at-8.22.33-PM8-1536x1021.jpeg 1536w, https:\/\/tiroconarcocostarica.com\/wp-content\/uploads\/2026\/01\/WhatsApp-Image-2026-01-24-at-8.22.33-PM8-399x265.jpeg 399w, https:\/\/tiroconarcocostarica.com\/wp-content\/uploads\/2026\/01\/WhatsApp-Image-2026-01-24-at-8.22.33-PM8.jpeg 1600w\" sizes=\"auto, (max-width: 511px) 100vw, 511px\" \/><\/p>\n<p>&nbsp;<\/p>\n<p style=\"text-align: center;\">Adem\u00e1s, queremos hacer un <strong data-start=\"1548\" data-end=\"1602\">reconocimiento especial a nuestro atleta m\u00e1s joven<\/strong>, quien demostr\u00f3 gran proyecci\u00f3n deportiva y esp\u00edritu competitivo en su debut en Juegos Nacionales. \ud83c\udf1f<\/p>\n<p style=\"text-align: center;\"><img loading=\"lazy\" decoding=\"async\" class=\" wp-image-16757 aligncenter\" src=\"https:\/\/tiroconarcocostarica.com\/wp-content\/uploads\/2026\/01\/WhatsApp-Image-2026-01-24-at-8.22.33-PM9-300x200.jpeg\" alt=\"\" width=\"512\" height=\"341\" srcset=\"https:\/\/tiroconarcocostarica.com\/wp-content\/uploads\/2026\/01\/WhatsApp-Image-2026-01-24-at-8.22.33-PM9-300x200.jpeg 300w, https:\/\/tiroconarcocostarica.com\/wp-content\/uploads\/2026\/01\/WhatsApp-Image-2026-01-24-at-8.22.33-PM9-1024x681.jpeg 1024w, https:\/\/tiroconarcocostarica.com\/wp-content\/uploads\/2026\/01\/WhatsApp-Image-2026-01-24-at-8.22.33-PM9-768x511.jpeg 768w, https:\/\/tiroconarcocostarica.com\/wp-content\/uploads\/2026\/01\/WhatsApp-Image-2026-01-24-at-8.22.33-PM9-1536x1021.jpeg 1536w, https:\/\/tiroconarcocostarica.com\/wp-content\/uploads\/2026\/01\/WhatsApp-Image-2026-01-24-at-8.22.33-PM9-399x265.jpeg 399w, https:\/\/tiroconarcocostarica.com\/wp-content\/uploads\/2026\/01\/WhatsApp-Image-2026-01-24-at-8.22.33-PM9.jpeg 1600w\" sizes=\"auto, (max-width: 512px) 100vw, 512px\" \/><\/p>\n<p>&nbsp;<\/p>\n<p>&nbsp;<\/p>\n<p style=\"text-align: center;\"><strong data-start=\"119\" data-end=\"244\">Finalmente, extendemos un sincero reconocimiento a todos nuestros atletas y entrenadores que participaron en los Juegos Nacionales 2026.<\/strong><\/p>\n<p style=\"text-align: center;\"><br data-start=\"244\" data-end=\"247\" \/>Su esfuerzo, disciplina y compromiso representan el verdadero esp\u00edritu del deporte y son motivo de orgullo para nuestros cantones, entrenadores y familias.<\/p>\n<p>&nbsp;<\/p>\n<p><img loading=\"lazy\" decoding=\"async\" class=\"aligncenter wp-image-16763\" src=\"https:\/\/tiroconarcocostarica.com\/wp-content\/uploads\/2026\/01\/Captura-de-pantalla-2026-01-25-180437-300x166.png\" alt=\"\" width=\"782\" height=\"433\" srcset=\"https:\/\/tiroconarcocostarica.com\/wp-content\/uploads\/2026\/01\/Captura-de-pantalla-2026-01-25-180437-300x166.png 300w, https:\/\/tiroconarcocostarica.com\/wp-content\/uploads\/2026\/01\/Captura-de-pantalla-2026-01-25-180437-1024x567.png 1024w, https:\/\/tiroconarcocostarica.com\/wp-content\/uploads\/2026\/01\/Captura-de-pantalla-2026-01-25-180437-768x425.png 768w, https:\/\/tiroconarcocostarica.com\/wp-content\/uploads\/2026\/01\/Captura-de-pantalla-2026-01-25-180437-399x221.png 399w, https:\/\/tiroconarcocostarica.com\/wp-content\/uploads\/2026\/01\/Captura-de-pantalla-2026-01-25-180437.png 1208w\" sizes=\"auto, (max-width: 782px) 100vw, 782px\" \/><\/p>\n","protected":false},"excerpt":{"rendered":"<p>Nuestra delegaci\u00f3n tuvo una destacada participaci\u00f3n en los Juegos Nacionales 2026, logrando [&hellip;]<\/p>\n","protected":false},"author":1,"featured_media":16749,"comment_status":"open","ping_status":"open","sticky":false,"template":"","format":"standard","meta":{"_price":"","_stock":"","_tribe_ticket_header":"","_tribe_default_ticket_provider":"","_tribe_ticket_capacity":"0","_ticket_start_date":"","_ticket_end_date":"","_tribe_ticket_show_description":"","_tribe_ticket_show_not_going":false,"_tribe_ticket_use_global_stock":"","_tribe_ticket_global_stock_level":"","_global_stock_mode":"","_global_stock_cap":"","_tribe_rsvp_for_event":"","_tribe_ticket_going_count":"","_tribe_ticket_not_going_count":"","_tribe_tickets_list":"[]","_tribe_ticket_has_attendee_info_fields":false,"_joinchat":[],"footnotes":""},"categories":[2,13],"tags":[14],"class_list":["post-16748","post","type-post","status-publish","format-standard","has-post-thumbnail","hentry","category-arqueria","category-noticias-internas","tag-sin-hero"],"acf":[],"yoast_head":"<!-- This site is optimized with the Yoast SEO plugin v21.6 - https:\/\/yoast.com\/wordpress\/plugins\/seo\/ -->\n<title>Juegos Nacionales 2026 - La Monta\u00f1a | Club de Arquer\u00eda<\/title>\n<meta name=\"robots\" content=\"index, follow, max-snippet:-1, max-image-preview:large, max-video-preview:-1\" \/>\n<link rel=\"canonical\" href=\"https:\/\/tiroconarcocostarica.com\/index.php\/2026\/01\/25\/juegos-nacionales-2026\/\" \/>\n<meta property=\"og:locale\" content=\"es_ES\" \/>\n<meta property=\"og:type\" content=\"article\" \/>\n<meta property=\"og:title\" content=\"Juegos Nacionales 2026 - La Monta\u00f1a | Club de Arquer\u00eda\" \/>\n<meta property=\"og:description\" content=\"Nuestra delegaci\u00f3n tuvo una destacada participaci\u00f3n en los Juegos Nacionales 2026, logrando [&hellip;]\" \/>\n<meta property=\"og:url\" content=\"https:\/\/tiroconarcocostarica.com\/index.php\/2026\/01\/25\/juegos-nacionales-2026\/\" \/>\n<meta property=\"og:site_name\" content=\"La Monta\u00f1a | Club de Arquer\u00eda\" \/>\n<meta property=\"article:published_time\" content=\"2026-01-25T22:58:56+00:00\" \/>\n<meta property=\"article:modified_time\" content=\"2026-01-26T00:10:35+00:00\" \/>\n<meta property=\"og:image\" content=\"https:\/\/tiroconarcocostarica.com\/wp-content\/uploads\/2026\/01\/WhatsApp-Image-2026-01-24-at-8.22.31-PM.jpeg\" \/>\n\t<meta property=\"og:image:width\" content=\"1600\" \/>\n\t<meta property=\"og:image:height\" content=\"1064\" \/>\n\t<meta property=\"og:image:type\" content=\"image\/jpeg\" \/>\n<meta name=\"author\" content=\"admin\" \/>\n<meta name=\"twitter:card\" content=\"summary_large_image\" \/>\n<meta name=\"twitter:label1\" content=\"Escrito por\" \/>\n\t<meta name=\"twitter:data1\" content=\"admin\" \/>\n\t<meta name=\"twitter:label2\" content=\"Tiempo de lectura\" \/>\n\t<meta name=\"twitter:data2\" content=\"3 minutos\" \/>\n<script type=\"application\/ld+json\" class=\"yoast-schema-graph\">{\"@context\":\"https:\/\/schema.org\",\"@graph\":[{\"@type\":\"WebPage\",\"@id\":\"https:\/\/tiroconarcocostarica.com\/index.php\/2026\/01\/25\/juegos-nacionales-2026\/\",\"url\":\"https:\/\/tiroconarcocostarica.com\/index.php\/2026\/01\/25\/juegos-nacionales-2026\/\",\"name\":\"Juegos Nacionales 2026 - La Monta\u00f1a | Club de Arquer\u00eda\",\"isPartOf\":{\"@id\":\"https:\/\/tiroconarcocostarica.com\/#website\"},\"datePublished\":\"2026-01-25T22:58:56+00:00\",\"dateModified\":\"2026-01-26T00:10:35+00:00\",\"author\":{\"@id\":\"https:\/\/tiroconarcocostarica.com\/#\/schema\/person\/12c67822d08622dbd5772bd24f078959\"},\"breadcrumb\":{\"@id\":\"https:\/\/tiroconarcocostarica.com\/index.php\/2026\/01\/25\/juegos-nacionales-2026\/#breadcrumb\"},\"inLanguage\":\"es\",\"potentialAction\":[{\"@type\":\"ReadAction\",\"target\":[\"https:\/\/tiroconarcocostarica.com\/index.php\/2026\/01\/25\/juegos-nacionales-2026\/\"]}]},{\"@type\":\"BreadcrumbList\",\"@id\":\"https:\/\/tiroconarcocostarica.com\/index.php\/2026\/01\/25\/juegos-nacionales-2026\/#breadcrumb\",\"itemListElement\":[{\"@type\":\"ListItem\",\"position\":1,\"name\":\"Portada\",\"item\":\"https:\/\/tiroconarcocostarica.com\/\"},{\"@type\":\"ListItem\",\"position\":2,\"name\":\"Juegos Nacionales 2026\"}]},{\"@type\":\"WebSite\",\"@id\":\"https:\/\/tiroconarcocostarica.com\/#website\",\"url\":\"https:\/\/tiroconarcocostarica.com\/\",\"name\":\"La Monta\u00f1a | Club de Arquer\u00eda\",\"description\":\"Tiro Con Arco Costa Rica\",\"potentialAction\":[{\"@type\":\"SearchAction\",\"target\":{\"@type\":\"EntryPoint\",\"urlTemplate\":\"https:\/\/tiroconarcocostarica.com\/?s={search_term_string}\"},\"query-input\":\"required name=search_term_string\"}],\"inLanguage\":\"es\"},{\"@type\":\"Person\",\"@id\":\"https:\/\/tiroconarcocostarica.com\/#\/schema\/person\/12c67822d08622dbd5772bd24f078959\",\"name\":\"admin\",\"image\":{\"@type\":\"ImageObject\",\"inLanguage\":\"es\",\"@id\":\"https:\/\/tiroconarcocostarica.com\/#\/schema\/person\/image\/\",\"url\":\"https:\/\/secure.gravatar.com\/avatar\/102a3f9c4c350713d51fef2c0ca6520640a8e46efae2e52a8fd36b2173155bd1?s=96&d=mm&r=g\",\"contentUrl\":\"https:\/\/secure.gravatar.com\/avatar\/102a3f9c4c350713d51fef2c0ca6520640a8e46efae2e52a8fd36b2173155bd1?s=96&d=mm&r=g\",\"caption\":\"admin\"},\"sameAs\":[\"https:\/\/tiroconarcocostarica.com\"],\"url\":\"https:\/\/tiroconarcocostarica.com\/index.php\/author\/jasonmelort\/\"}]}<\/script>\n<!-- \/ Yoast SEO plugin. -->","yoast_head_json":{"title":"Juegos Nacionales 2026 - La Monta\u00f1a | Club de Arquer\u00eda","robots":{"index":"index","follow":"follow","max-snippet":"max-snippet:-1","max-image-preview":"max-image-preview:large","max-video-preview":"max-video-preview:-1"},"canonical":"https:\/\/tiroconarcocostarica.com\/index.php\/2026\/01\/25\/juegos-nacionales-2026\/","og_locale":"es_ES","og_type":"article","og_title":"Juegos Nacionales 2026 - La Monta\u00f1a | Club de Arquer\u00eda","og_description":"Nuestra delegaci\u00f3n tuvo una destacada participaci\u00f3n en los Juegos Nacionales 2026, logrando [&hellip;]","og_url":"https:\/\/tiroconarcocostarica.com\/index.php\/2026\/01\/25\/juegos-nacionales-2026\/","og_site_name":"La Monta\u00f1a | Club de Arquer\u00eda","article_published_time":"2026-01-25T22:58:56+00:00","article_modified_time":"2026-01-26T00:10:35+00:00","og_image":[{"width":1600,"height":1064,"url":"https:\/\/tiroconarcocostarica.com\/wp-content\/uploads\/2026\/01\/WhatsApp-Image-2026-01-24-at-8.22.31-PM.jpeg","type":"image\/jpeg"}],"author":"admin","twitter_card":"summary_large_image","twitter_misc":{"Escrito por":"admin","Tiempo de lectura":"3 minutos"},"schema":{"@context":"https:\/\/schema.org","@graph":[{"@type":"WebPage","@id":"https:\/\/tiroconarcocostarica.com\/index.php\/2026\/01\/25\/juegos-nacionales-2026\/","url":"https:\/\/tiroconarcocostarica.com\/index.php\/2026\/01\/25\/juegos-nacionales-2026\/","name":"Juegos Nacionales 2026 - La Monta\u00f1a | Club de Arquer\u00eda","isPartOf":{"@id":"https:\/\/tiroconarcocostarica.com\/#website"},"datePublished":"2026-01-25T22:58:56+00:00","dateModified":"2026-01-26T00:10:35+00:00","author":{"@id":"https:\/\/tiroconarcocostarica.com\/#\/schema\/person\/12c67822d08622dbd5772bd24f078959"},"breadcrumb":{"@id":"https:\/\/tiroconarcocostarica.com\/index.php\/2026\/01\/25\/juegos-nacionales-2026\/#breadcrumb"},"inLanguage":"es","potentialAction":[{"@type":"ReadAction","target":["https:\/\/tiroconarcocostarica.com\/index.php\/2026\/01\/25\/juegos-nacionales-2026\/"]}]},{"@type":"BreadcrumbList","@id":"https:\/\/tiroconarcocostarica.com\/index.php\/2026\/01\/25\/juegos-nacionales-2026\/#breadcrumb","itemListElement":[{"@type":"ListItem","position":1,"name":"Portada","item":"https:\/\/tiroconarcocostarica.com\/"},{"@type":"ListItem","position":2,"name":"Juegos Nacionales 2026"}]},{"@type":"WebSite","@id":"https:\/\/tiroconarcocostarica.com\/#website","url":"https:\/\/tiroconarcocostarica.com\/","name":"La Monta\u00f1a | Club de Arquer\u00eda","description":"Tiro Con Arco Costa Rica","potentialAction":[{"@type":"SearchAction","target":{"@type":"EntryPoint","urlTemplate":"https:\/\/tiroconarcocostarica.com\/?s={search_term_string}"},"query-input":"required name=search_term_string"}],"inLanguage":"es"},{"@type":"Person","@id":"https:\/\/tiroconarcocostarica.com\/#\/schema\/person\/12c67822d08622dbd5772bd24f078959","name":"admin","image":{"@type":"ImageObject","inLanguage":"es","@id":"https:\/\/tiroconarcocostarica.com\/#\/schema\/person\/image\/","url":"https:\/\/secure.gravatar.com\/avatar\/102a3f9c4c350713d51fef2c0ca6520640a8e46efae2e52a8fd36b2173155bd1?s=96&d=mm&r=g","contentUrl":"https:\/\/secure.gravatar.com\/avatar\/102a3f9c4c350713d51fef2c0ca6520640a8e46efae2e52a8fd36b2173155bd1?s=96&d=mm&r=g","caption":"admin"},"sameAs":["https:\/\/tiroconarcocostarica.com"],"url":"https:\/\/tiroconarcocostarica.com\/index.php\/author\/jasonmelort\/"}]}},"_links":{"self":[{"href":"https:\/\/tiroconarcocostarica.com\/index.php\/wp-json\/wp\/v2\/posts\/16748","targetHints":{"allow":["GET"]}}],"collection":[{"href":"https:\/\/tiroconarcocostarica.com\/index.php\/wp-json\/wp\/v2\/posts"}],"about":[{"href":"https:\/\/tiroconarcocostarica.com\/index.php\/wp-json\/wp\/v2\/types\/post"}],"author":[{"embeddable":true,"href":"https:\/\/tiroconarcocostarica.com\/index.php\/wp-json\/wp\/v2\/users\/1"}],"replies":[{"embeddable":true,"href":"https:\/\/tiroconarcocostarica.com\/index.php\/wp-json\/wp\/v2\/comments?post=16748"}],"version-history":[{"count":6,"href":"https:\/\/tiroconarcocostarica.com\/index.php\/wp-json\/wp\/v2\/posts\/16748\/revisions"}],"predecessor-version":[{"id":16766,"href":"https:\/\/tiroconarcocostarica.com\/index.php\/wp-json\/wp\/v2\/posts\/16748\/revisions\/16766"}],"wp:featuredmedia":[{"embeddable":true,"href":"https:\/\/tiroconarcocostarica.com\/index.php\/wp-json\/wp\/v2\/media\/16749"}],"wp:attachment":[{"href":"https:\/\/tiroconarcocostarica.com\/index.php\/wp-json\/wp\/v2\/media?parent=16748"}],"wp:term":[{"taxonomy":"category","embeddable":true,"href":"https:\/\/tiroconarcocostarica.com\/index.php\/wp-json\/wp\/v2\/categories?post=16748"},{"taxonomy":"post_tag","embeddable":true,"href":"https:\/\/tiroconarcocostarica.com\/index.php\/wp-json\/wp\/v2\/tags?post=16748"}],"curies":[{"name":"wp","href":"https:\/\/api.w.org\/{rel}","templated":true}]}}